{"id":26828,"date":"2026-04-22T14:55:01","date_gmt":"2026-04-22T14:55:01","guid":{"rendered":"https:\/\/consulta-europa.com\/?p=26828"},"modified":"2026-04-23T19:17:55","modified_gmt":"2026-04-23T19:17:55","slug":"gran-canaria-acogera-pizza-for-sdgs-un-encuentro-para-acercar-la-sostenibilidad-a-jovenes-de-forma-practica","status":"publish","type":"post","link":"https:\/\/consulta-europa.com\/es\/gran-canaria-acogera-pizza-for-sdgs-un-encuentro-para-acercar-la-sostenibilidad-a-jovenes-de-forma-practica\/","title":{"rendered":"Gran Canaria acoger\u00e1 \u201cPizza for SDGs\u201d, un encuentro para acercar la sostenibilidad a j\u00f3venes de forma pr\u00e1ctica"},"content":{"rendered":"<p data-start=\"322\" data-end=\"699\">Las Palmas de Gran Canaria se prepara para acoger el pr\u00f3ximo 20 de mayo una jornada dirigida a j\u00f3venes de entre 16 y 25 a\u00f1os interesadas en la sostenibilidad y los Objetivos de Desarrollo Sostenible (ODS). Bajo el nombre de <em data-start=\"546\" data-end=\"562\">Pizza for SDGs<\/em>, el evento combinar\u00e1 talleres participativos, intercambio de experiencias y espacios de networking en un formato din\u00e1mico y accesible.<\/p>\n<p data-start=\"701\" data-end=\"1061\">La actividad, organizada por la entidad <span class=\"hover:entity-accent entity-underline inline cursor-pointer align-baseline\"><span class=\"whitespace-normal\">Consulta Europa<\/span><\/span> en el marco del proyecto europeo YoungSDG, tendr\u00e1 lugar en el Espacio Joven Creativo La Grada en horario de 10:00 a 14:00 horas y est\u00e1 dirigida tanto a centros educativos (CEIP, institutos, universidades) como a asociaciones juveniles y entidades que trabajen con poblaci\u00f3n joven.<\/p>\n<p data-start=\"1063\" data-end=\"1389\">El objetivo principal del encuentro es acercar los ODS desde una perspectiva aplicada, fomentando la participaci\u00f3n activa de los asistentes. A trav\u00e9s de talleres pr\u00e1cticos, los j\u00f3venes podr\u00e1n explorar c\u00f3mo implementar iniciativas sostenibles, evaluar su impacto social y dise\u00f1ar estrategias de futuro adaptadas a su entorno.<\/p>\n<p data-start=\"1391\" data-end=\"1819\">\u201cLa idea es salir del formato tradicional y ofrecer un espacio donde los j\u00f3venes no solo escuchen, sino que participen activamente, compartan ideas y desarrollen propuestas propias vinculadas a la sostenibilidad\u201d, explica V\u00edctor Mart\u00ednez, gestor de asuntos europeos en Consulta Europa. \u201cEste tipo de actividades buscan generar un aprendizaje real, conectado con los retos locales y con oportunidades concretas de implicaci\u00f3n\u201d.<\/p>\n<p data-start=\"1821\" data-end=\"2345\">El programa incluir\u00e1 una bienvenida institucional a cargo de Jorge Artiles, director general de Participaci\u00f3n Ciudadana del Cabildo de Gran Canaria, as\u00ed como la presentaci\u00f3n del proyecto YoungSDG por parte de Michelle Perello, CEO de Consulta Europa. Asimismo, se abordar\u00e1n los resultados del proyecto YouthSoftPower, centrados en las necesidades formativas de los j\u00f3venes en relaci\u00f3n con la Ayuda Oficial al Desarrollo y los ODS, de la mano de Yasmina \u00c1lvarez Gonz\u00e1lez, profesora de la Universidad de La Laguna.<\/p>\n<p data-start=\"2347\" data-end=\"2620\">Uno de los momentos centrales ser\u00e1 el panel de casos de \u00e9xito, con la participaci\u00f3n de Gonzalo Jim\u00e9nez, de la Asociaci\u00f3n Cultural Soy Mamut, quien compartir\u00e1 experiencias en torno a iniciativas de voluntariado y sostenibilidad desde una perspectiva cercana a la juventud en su ponencia titulada &#8220;Naturaleza y voluntariado desde la mirada de un mamut&#8221;.<\/p>\n<p data-start=\"2622\" data-end=\"2926\">La jornada incluir\u00e1 tambi\u00e9n el espacio de networking <em data-start=\"2675\" data-end=\"2691\">Pizza for SDGs<\/em>, concebido como un momento de interacci\u00f3n informal entre participantes, as\u00ed como tres talleres paralelos centrados en la implementaci\u00f3n de iniciativas sostenibles, la evaluaci\u00f3n del impacto social y el dise\u00f1o de estrategias futuras.<\/p>\n<p data-start=\"2928\" data-end=\"3166\">\u201cEl valor de este tipo de encuentros est\u00e1 en conectar a j\u00f3venes con iniciativas reales y ofrecerles herramientas para que puedan convertirse en agentes de cambio en sus propios entornos\u201d, se\u00f1ala Michelle Perello, CEO de Consulta Europa.<\/p>\n<p data-start=\"3168\" data-end=\"3371\">Como resultado de su participaci\u00f3n, todos los asistentes recibir\u00e1n un certificado YouthPass, que reconoce las competencias adquiridas en contextos de aprendizaje no formal dentro de programas europeos.<\/p>\n<p data-start=\"3373\" data-end=\"3465\">La participaci\u00f3n en el evento es gratuita, previa inscripci\u00f3n, y las plazas son limitadas.<\/p>\n<p data-start=\"3373\" data-end=\"3465\"><strong><a href=\"https:\/\/consulta-europa.com\/es\/events-2\/pizza-for-sdgs-talleres-practicos-sobre-sostenibilidad-para-jovenes-en-gran-canaria\/\" target=\"_blank\" rel=\"noopener\">M\u00e1s informaci\u00f3n e inscripci\u00f3n aqu\u00ed<\/a><\/strong><\/p>\n","protected":false},"excerpt":{"rendered":"<p>Las Palmas de Gran Canaria se prepara para acoger el pr\u00f3ximo 20 de mayo una jornada dirigida a j\u00f3venes de entre 16 y 25 a\u00f1os interesadas en la sostenibilidad y los Objetivos de Desarrollo Sostenible (ODS). Bajo el nombre de Pizza for SDGs, el evento combinar\u00e1 talleres participativos, intercambio de experiencias y espacios de networking [&hellip;]<\/p>\n","protected":false},"author":2,"featured_media":26806,"comment_status":"closed","ping_status":"closed","sticky":false,"template":"","format":"standard","meta":{"inline_featured_image":false,"_FSMCFIC_featured_image_caption":"","_FSMCFIC_featured_image_nocaption":"","_FSMCFIC_featured_image_hide":""},"categories":[63],"tags":[],"acf":[],"_links":{"self":[{"href":"https:\/\/consulta-europa.com\/es\/wp-json\/wp\/v2\/posts\/26828"}],"collection":[{"href":"https:\/\/consulta-europa.com\/es\/wp-json\/wp\/v2\/posts"}],"about":[{"href":"https:\/\/consulta-europa.com\/es\/wp-json\/wp\/v2\/types\/post"}],"author":[{"embeddable":true,"href":"https:\/\/consulta-europa.com\/es\/wp-json\/wp\/v2\/users\/2"}],"replies":[{"embeddable":true,"href":"https:\/\/consulta-europa.com\/es\/wp-json\/wp\/v2\/comments?post=26828"}],"version-history":[{"count":2,"href":"https:\/\/consulta-europa.com\/es\/wp-json\/wp\/v2\/posts\/26828\/revisions"}],"predecessor-version":[{"id":26835,"href":"https:\/\/consulta-europa.com\/es\/wp-json\/wp\/v2\/posts\/26828\/revisions\/26835"}],"wp:featuredmedia":[{"embeddable":true,"href":"https:\/\/consulta-europa.com\/es\/wp-json\/wp\/v2\/media\/26806"}],"wp:attachment":[{"href":"https:\/\/consulta-europa.com\/es\/wp-json\/wp\/v2\/media?parent=26828"}],"wp:term":[{"taxonomy":"category","embeddable":true,"href":"https:\/\/consulta-europa.com\/es\/wp-json\/wp\/v2\/categories?post=26828"},{"taxonomy":"post_tag","embeddable":true,"href":"https:\/\/consulta-europa.com\/es\/wp-json\/wp\/v2\/tags?post=26828"}],"curies":[{"name":"wp","href":"https:\/\/api.w.org\/{rel}","templated":true}]}}