{"id":25979,"date":"2024-10-31T12:35:31","date_gmt":"2024-10-31T12:35:31","guid":{"rendered":"https:\/\/consulta-europa.com\/?p=25979"},"modified":"2024-10-31T12:35:31","modified_gmt":"2024-10-31T12:35:31","slug":"taller-conjunto-de-athena-y-exper-en-la-ulpgc-sobre-igualdad-de-genero-y-diversidad","status":"publish","type":"post","link":"https:\/\/consulta-europa.com\/es\/taller-conjunto-de-athena-y-exper-en-la-ulpgc-sobre-igualdad-de-genero-y-diversidad\/","title":{"rendered":"Taller conjunto de ATHENA y EXPER en la ULPGC sobre igualdad de g\u00e9nero y diversidad"},"content":{"rendered":"<p>El 29 de octubre de 2024, la Universidad de Las Palmas de Gran Canaria (ULPGC) reuni\u00f3 a m\u00e1s de 25 participantes del mundo acad\u00e9mico, la administraci\u00f3n y el sector privado en un taller din\u00e1mico sobre diversidad e igualdad de g\u00e9nero. Este evento puso de relieve el esfuerzo de colaboraci\u00f3n entre dos proyectos transformadores financiados por la UE -ATHENA y EXPER- que trabajan para promover la igualdad de g\u00e9nero y el cambio institucional en el panorama de la investigaci\u00f3n europea.<\/p>\n<p><strong>Una plataforma para el di\u00e1logo inclusivo<\/strong><\/p>\n<p>El evento cont\u00f3 con contribuciones impactantes que subrayaron el liderazgo de la ULPGC en el fomento de un entorno m\u00e1s inclusivo. Carmen Delia D\u00edaz Bola\u00f1os, Directora de la Unidad de Igualdad de la ULPGC, marc\u00f3 el tono con una inspiradora bienvenida, a la que siguieron las palabras de Sebasti\u00e1n L\u00f3pez, Vicerrector de Investigaci\u00f3n y Transferencia del Conocimiento, sobre la misi\u00f3n del proyecto EXPER de apoyar la transformaci\u00f3n institucional de la ULPGC y la Universidad de las Azores a trav\u00e9s de la colaboraci\u00f3n internacional con las universidades de Rostock y Calabria.<\/p>\n<p><img loading=\"lazy\" class=\"aligncenter size-large wp-image-25976\" src=\"https:\/\/consulta-europa.com\/wp-content\/uploads\/The-EXPER-and-ATHENA-Equality-Projects-Host-Dynamic-Workshop-on-Gender-Equality-and-Diversity-at-ULPGC-32-1024x683.jpg\" alt=\"\" width=\"640\" height=\"427\" srcset=\"https:\/\/consulta-europa.com\/wp-content\/uploads\/The-EXPER-and-ATHENA-Equality-Projects-Host-Dynamic-Workshop-on-Gender-Equality-and-Diversity-at-ULPGC-32-1024x683.jpg 1024w, https:\/\/consulta-europa.com\/wp-content\/uploads\/The-EXPER-and-ATHENA-Equality-Projects-Host-Dynamic-Workshop-on-Gender-Equality-and-Diversity-at-ULPGC-32-300x200.jpg 300w, https:\/\/consulta-europa.com\/wp-content\/uploads\/The-EXPER-and-ATHENA-Equality-Projects-Host-Dynamic-Workshop-on-Gender-Equality-and-Diversity-at-ULPGC-32-768x512.jpg 768w, https:\/\/consulta-europa.com\/wp-content\/uploads\/The-EXPER-and-ATHENA-Equality-Projects-Host-Dynamic-Workshop-on-Gender-Equality-and-Diversity-at-ULPGC-32-391x260.jpg 391w, https:\/\/consulta-europa.com\/wp-content\/uploads\/The-EXPER-and-ATHENA-Equality-Projects-Host-Dynamic-Workshop-on-Gender-Equality-and-Diversity-at-ULPGC-32-1536x1024.jpg 1536w, https:\/\/consulta-europa.com\/wp-content\/uploads\/The-EXPER-and-ATHENA-Equality-Projects-Host-Dynamic-Workshop-on-Gender-Equality-and-Diversity-at-ULPGC-32-2048x1365.jpg 2048w\" sizes=\"(max-width: 640px) 100vw, 640px\" \/><\/p>\n<p>El \u00e9nfasis del proyecto ATHENA en el cambio estructural de las instituciones de investigaci\u00f3n fue destacado por Michelle Perello, Directora General de Consulta Europa Projects &amp; Innovation, que habl\u00f3 de las sinergias entre ATHENA y EXPER en la promoci\u00f3n de la igualdad de g\u00e9nero a trav\u00e9s de los Planes de Igualdad de G\u00e9nero (PIG) y la cooperaci\u00f3n internacional. Rosal\u00eda Estupi\u00f1\u00e1n C\u00e1ceres, investigadora principal de ATHENA en la ULPGC, comparti\u00f3 los resultados iniciales del PIG de la ULPGC, seguida de las reflexiones del Rector de la ULPGC, Llu\u00eds Serra-Majem sobre el impacto tangible de estos proyectos.<\/p>\n<p><strong>Hechos destacados y principales resultados<\/strong><\/p>\n<p>Las presentaciones clave abordaron los pasos estrat\u00e9gicos hacia pol\u00edticas inclusivas, con un segmento convincente de Arturo Montesdeoca Su\u00e1rez, Doctor en Derecho del Trabajo, sobre el Protocolo de la ULPGC contra el acoso y la violencia hacia las personas LGTBI. En una mesa redonda moderada por la experta en igualdad de g\u00e9nero Yaiza G\u00f3mez Y\u00e1nez, destacadas voces como, Mar\u00eda Delgado, de la Asociaci\u00f3n de J\u00f3venes Empresarios, y Paula Falc\u00f3n Garc\u00eda, del Consejo de Estudiantes de la ULPGC,debatieron sobre estrategias innovadoras para fomentar la igualdad en los \u00e1mbitos educativo y profesional. Estos intercambios tuvieron como objetivo perfeccionar la Estrategia de Diversidad de la ULPGC en el marco del proyecto EXPER y fortalecer el PGE de la ULPGC a trav\u00e9s de la orientaci\u00f3n de ATHENA.<\/p>\n<p><img loading=\"lazy\" class=\"aligncenter size-large wp-image-25951\" src=\"https:\/\/consulta-europa.com\/wp-content\/uploads\/The-EXPER-and-ATHENA-Equality-Projects-Host-Dynamic-Workshop-on-Gender-Equality-and-Diversity-at-ULPGC-25-1024x683.jpg\" alt=\"\" width=\"640\" height=\"427\" srcset=\"https:\/\/consulta-europa.com\/wp-content\/uploads\/The-EXPER-and-ATHENA-Equality-Projects-Host-Dynamic-Workshop-on-Gender-Equality-and-Diversity-at-ULPGC-25-1024x683.jpg 1024w, https:\/\/consulta-europa.com\/wp-content\/uploads\/The-EXPER-and-ATHENA-Equality-Projects-Host-Dynamic-Workshop-on-Gender-Equality-and-Diversity-at-ULPGC-25-300x200.jpg 300w, https:\/\/consulta-europa.com\/wp-content\/uploads\/The-EXPER-and-ATHENA-Equality-Projects-Host-Dynamic-Workshop-on-Gender-Equality-and-Diversity-at-ULPGC-25-768x512.jpg 768w, https:\/\/consulta-europa.com\/wp-content\/uploads\/The-EXPER-and-ATHENA-Equality-Projects-Host-Dynamic-Workshop-on-Gender-Equality-and-Diversity-at-ULPGC-25-391x260.jpg 391w, https:\/\/consulta-europa.com\/wp-content\/uploads\/The-EXPER-and-ATHENA-Equality-Projects-Host-Dynamic-Workshop-on-Gender-Equality-and-Diversity-at-ULPGC-25-1536x1024.jpg 1536w, https:\/\/consulta-europa.com\/wp-content\/uploads\/The-EXPER-and-ATHENA-Equality-Projects-Host-Dynamic-Workshop-on-Gender-Equality-and-Diversity-at-ULPGC-25-2048x1365.jpg 2048w\" sizes=\"(max-width: 640px) 100vw, 640px\" \/><\/p>\n<p><strong>Una visi\u00f3n colaborativa para un cambio duradero<\/strong><\/p>\n<p>ATHENA y EXPER subrayan el papel fundamental de la igualdad de g\u00e9nero y la diversidad en el crecimiento institucional, creando v\u00edas para que la ULPGC y la Universidad de las Azores se conviertan en modelos de cambio en las regiones ultraperif\u00e9ricas. Este taller reafirm\u00f3 el compromiso de la ULPGC con la mejora de la inclusividad y proporcion\u00f3 un espacio de colaboraci\u00f3n para informar sobre futuras iniciativas que beneficiar\u00e1n no s\u00f3lo a la universidad, sino tambi\u00e9n a la comunidad en general.<\/p>\n","protected":false},"excerpt":{"rendered":"<p>El 29 de octubre de 2024, la Universidad de Las Palmas de Gran Canaria (ULPGC) reuni\u00f3 a m\u00e1s de 25 participantes del mundo acad\u00e9mico, la administraci\u00f3n y el sector privado en un taller din\u00e1mico sobre diversidad e igualdad de g\u00e9nero. Este evento puso de relieve el esfuerzo de colaboraci\u00f3n entre dos proyectos transformadores financiados por [&hellip;]<\/p>\n","protected":false},"author":2,"featured_media":25971,"comment_status":"closed","ping_status":"closed","sticky":false,"template":"","format":"standard","meta":{"inline_featured_image":false,"_FSMCFIC_featured_image_caption":"","_FSMCFIC_featured_image_nocaption":"","_FSMCFIC_featured_image_hide":""},"categories":[63],"tags":[],"acf":[],"_links":{"self":[{"href":"https:\/\/consulta-europa.com\/es\/wp-json\/wp\/v2\/posts\/25979"}],"collection":[{"href":"https:\/\/consulta-europa.com\/es\/wp-json\/wp\/v2\/posts"}],"about":[{"href":"https:\/\/consulta-europa.com\/es\/wp-json\/wp\/v2\/types\/post"}],"author":[{"embeddable":true,"href":"https:\/\/consulta-europa.com\/es\/wp-json\/wp\/v2\/users\/2"}],"replies":[{"embeddable":true,"href":"https:\/\/consulta-europa.com\/es\/wp-json\/wp\/v2\/comments?post=25979"}],"version-history":[{"count":1,"href":"https:\/\/consulta-europa.com\/es\/wp-json\/wp\/v2\/posts\/25979\/revisions"}],"predecessor-version":[{"id":25980,"href":"https:\/\/consulta-europa.com\/es\/wp-json\/wp\/v2\/posts\/25979\/revisions\/25980"}],"wp:featuredmedia":[{"embeddable":true,"href":"https:\/\/consulta-europa.com\/es\/wp-json\/wp\/v2\/media\/25971"}],"wp:attachment":[{"href":"https:\/\/consulta-europa.com\/es\/wp-json\/wp\/v2\/media?parent=25979"}],"wp:term":[{"taxonomy":"category","embeddable":true,"href":"https:\/\/consulta-europa.com\/es\/wp-json\/wp\/v2\/categories?post=25979"},{"taxonomy":"post_tag","embeddable":true,"href":"https:\/\/consulta-europa.com\/es\/wp-json\/wp\/v2\/tags?post=25979"}],"curies":[{"name":"wp","href":"https:\/\/api.w.org\/{rel}","templated":true}]}}