{"id":23122,"date":"2022-12-01T15:37:01","date_gmt":"2022-12-01T15:37:01","guid":{"rendered":"https:\/\/consulta-europa.com\/?p=23122"},"modified":"2022-12-01T15:43:31","modified_gmt":"2022-12-01T15:43:31","slug":"consulta-europa-y-xcn-organizan-la-conferencia-nacional-del-proyecto-ruralization","status":"publish","type":"post","link":"https:\/\/consulta-europa.com\/es\/consulta-europa-y-xcn-organizan-la-conferencia-nacional-del-proyecto-ruralization\/","title":{"rendered":"Consulta Europa y XCN organizan la Conferencia Nacional del proyecto RURALIZATION"},"content":{"rendered":"\n<p>El relevo generacional es un aspecto clave para la revitalizaci\u00f3n del medio rural y que se ha tenido en cuenta&nbsp; en el nuevo Plan Estrat\u00e9gico de la PAC 2023-2027 en Espa\u00f1a.<strong> \u201cAtraer a los j\u00f3venes agricultores y facilitar el desarrollo empresarial en las zonas rurales\u201d es el objetivo 7 de esta PEPAC post 2020.&nbsp;<\/strong><\/p>\n\n\n\n<p>Dentro del marco del <strong>proyecto H2020 RURALIZATION<\/strong>,<strong> Consulta Europa<\/strong> ha organizado de la mano de nuestro socio de proyecto <strong>XCN<\/strong>, la<strong> Conferencia Nacional \u201c EL POTENCIAL DE LA PAC PARA EL RELEVO GENERACIONAL EN ZONAS RURALES\u201d,<\/strong> la cual tuvo lugar ayer mi\u00e9rcoles 30 de noviembre en formato online. <strong>Michelle Perello<\/strong>, de Consulta Europa,&nbsp; present\u00f3 el proyecto y los resultados conseguidos hasta el momento, mientras que <strong>Nora Maristany<\/strong>, expuso los resultados del an\u00e1lisis realizado por XCN dentro del marco de RURALIZATION sobre los planes estrat\u00e9gicos nacionales de la PAC.&nbsp;<\/p>\n\n\n\n<p>Adem\u00e1s, se organiz\u00f3 una <strong>mesa redonda que cont\u00f3 con representantes de distintas instituciones p\u00fablicas, organizaciones y asociaciones vinculadas al medio rural<\/strong>.&nbsp; <strong>Ventura Gonz\u00e1lez Pinto, Secretario General de la UPA Joven de Castilla y Le\u00f3n <\/strong>plante\u00f3 los principales problemas a los que se enfrentaban los j\u00f3venes que comenzaban su carrera profesional en zonas rurales. <strong>La incertidumbre econ\u00f3mica o la especializaci\u00f3n necesaria que acarrea este sector, acompa\u00f1ado de la falta de servicios y empleo en zonas rurales son factores&nbsp; que se deber\u00edan tener en cuenta en las medidas pol\u00edticas ya que que afectan directamente al fen\u00f3meno del relevo generacional.&nbsp;<\/strong><\/p>\n\n\n\n<figure class=\"wp-block-image size-large\"><img loading=\"lazy\" width=\"1024\" height=\"724\" src=\"https:\/\/consulta-europa.com\/wp-content\/uploads\/5-3-1024x724.png\" alt=\"\" class=\"wp-image-23134\" srcset=\"https:\/\/consulta-europa.com\/wp-content\/uploads\/5-3-1024x724.png 1024w, https:\/\/consulta-europa.com\/wp-content\/uploads\/5-3-300x212.png 300w, https:\/\/consulta-europa.com\/wp-content\/uploads\/5-3-768x543.png 768w, https:\/\/consulta-europa.com\/wp-content\/uploads\/5-3-1536x1086.png 1536w, https:\/\/consulta-europa.com\/wp-content\/uploads\/5-3-2048x1448.png 2048w\" sizes=\"(max-width: 1024px) 100vw, 1024px\" \/><\/figure>\n\n\n\n<p><strong>Ander Achotegui i Castells, <\/strong>&nbsp;Director y responsable del \u00c1rea de Gesti\u00f3n Sostenible de la Fundaci\u00f3 Emys, subray\u00f3 el <strong>desconocimiento burocr\u00e1tico <\/strong>as\u00ed como el acceso a internet o la necesidad de la firma digital como una gran barrera que frena desde el primer momento a los j\u00f3venes agricultores.<\/p>\n\n\n\n<p>Por otro lado,<strong> Enrique Nieto, analista de pol\u00edticas de la Red Europea de la PAC<\/strong>,&nbsp; puso sobre la mesa la necesidad de<strong> trabajar conjuntamente <\/strong><strong>para ofrecer soluciones integradas donde todos los fondos jueguen un papel importante<\/strong>. Adem\u00e1s, destac\u00f3 que dentro de los resultados de RURALIZATION, se presentaba interesante enfocarse en las tendencias, como <strong>la digitalizaci\u00f3n, que impulsar\u00edan a los j\u00f3venes a asentars<\/strong>e en el medio rural ya que abrir\u00eda puertas a nuevos modelos de negocio y a la calidad de los servicios, entre otros.&nbsp;<\/p>\n\n\n\n<p>El debate cont\u00f3 tambi\u00e9n con profesionales vinculadas estrechamente con la PAC por parte del Ministerio de Agricultura, que dieron respuesta a los distintos aspectos y dudas que se plante\u00f3 en cuanto al alcance que tendr\u00eda el nuevo Plan Estrat\u00e9gico.&nbsp;<br>La Conferencia Nacional ofreci\u00f3 la oportunidad de recoger durante la jornada sugerencias y propuestas de medidas de cara a que<strong> formen parte de los resultados del proyecto RURALIZATION y que puedan ser trasladadas a pol\u00edticos relevantes con capacidad de incidir y transformar el relevo generacional de zonas rurales.<\/strong><\/p>\n","protected":false},"excerpt":{"rendered":"<p>El relevo generacional es un aspecto clave para la revitalizaci\u00f3n del medio rural y que se ha tenido en cuenta&nbsp; en el nuevo Plan Estrat\u00e9gico de la PAC 2023-2027 en Espa\u00f1a. \u201cAtraer a los j\u00f3venes agricultores y facilitar el desarrollo empresarial en las zonas rurales\u201d es el objetivo 7 de esta PEPAC post 2020.&nbsp; Dentro [&hellip;]<\/p>\n","protected":false},"author":2,"featured_media":23109,"comment_status":"closed","ping_status":"closed","sticky":false,"template":"","format":"standard","meta":{"inline_featured_image":false,"_FSMCFIC_featured_image_caption":"","_FSMCFIC_featured_image_nocaption":"","_FSMCFIC_featured_image_hide":""},"categories":[63,125],"tags":[],"acf":[],"_links":{"self":[{"href":"https:\/\/consulta-europa.com\/es\/wp-json\/wp\/v2\/posts\/23122"}],"collection":[{"href":"https:\/\/consulta-europa.com\/es\/wp-json\/wp\/v2\/posts"}],"about":[{"href":"https:\/\/consulta-europa.com\/es\/wp-json\/wp\/v2\/types\/post"}],"author":[{"embeddable":true,"href":"https:\/\/consulta-europa.com\/es\/wp-json\/wp\/v2\/users\/2"}],"replies":[{"embeddable":true,"href":"https:\/\/consulta-europa.com\/es\/wp-json\/wp\/v2\/comments?post=23122"}],"version-history":[{"count":2,"href":"https:\/\/consulta-europa.com\/es\/wp-json\/wp\/v2\/posts\/23122\/revisions"}],"predecessor-version":[{"id":23146,"href":"https:\/\/consulta-europa.com\/es\/wp-json\/wp\/v2\/posts\/23122\/revisions\/23146"}],"wp:featuredmedia":[{"embeddable":true,"href":"https:\/\/consulta-europa.com\/es\/wp-json\/wp\/v2\/media\/23109"}],"wp:attachment":[{"href":"https:\/\/consulta-europa.com\/es\/wp-json\/wp\/v2\/media?parent=23122"}],"wp:term":[{"taxonomy":"category","embeddable":true,"href":"https:\/\/consulta-europa.com\/es\/wp-json\/wp\/v2\/categories?post=23122"},{"taxonomy":"post_tag","embeddable":true,"href":"https:\/\/consulta-europa.com\/es\/wp-json\/wp\/v2\/tags?post=23122"}],"curies":[{"name":"wp","href":"https:\/\/api.w.org\/{rel}","templated":true}]}}