{"id":22812,"date":"2022-10-18T13:26:26","date_gmt":"2022-10-18T13:26:26","guid":{"rendered":"https:\/\/consulta-europa.com\/?p=22812"},"modified":"2022-10-18T13:40:20","modified_gmt":"2022-10-18T13:40:20","slug":"consulta-europa-ofrece-una-formacion-gratuita-sobre-economia-azul-y-fondos-europeos","status":"publish","type":"post","link":"https:\/\/consulta-europa.com\/es\/consulta-europa-ofrece-una-formacion-gratuita-sobre-economia-azul-y-fondos-europeos\/","title":{"rendered":"Consulta Europa ofrece una formaci\u00f3n gratuita sobre Econom\u00eda Azul y Fondos Europeos"},"content":{"rendered":"\n<div class=\"wp-block-group\"><div class=\"wp-block-group__inner-container\">\n<p><strong><span lang=\"ES\" style=\"mso-ansi-language: ES;\">Consulta Europa organizar\u00e1 un curso gratuito destinado a personas desempleadas residentes en Canarias el pr\u00f3ximo mes de noviembre.<\/span><\/strong><span lang=\"ES\" style=\"mso-ansi-language: ES;\"> Se trata del proyecto <strong><u>Eurofin\u00e1nciate en Azul<\/u><\/strong> (EFNA), financiado por la Fundaci\u00f3n Biodiversidad del Ministerio para la Transici\u00f3n Ecol\u00f3gica y el Reto Demogr\u00e1fico a trav\u00e9s del Programa Empleaverde, iniciativa para el impulso y la mejora del empleo, el emprendimiento y el medio ambiente.\u00a0<\/span><\/p>\n<p><span style=\"font-weight: 400;\">Este proyecto tiene como objetivo formar a personas desempleadas en Econom\u00eda Azul y Gesti\u00f3n de Fondos Europeos. Para ello, se desarrollar\u00e1n dos acciones: una <\/span><b>formaci\u00f3n presencial<\/b><span style=\"font-weight: 400;\"> (Fin\u00e1nciate en azul) y un <\/span><b>asesoramiento mixto individualizado<\/b><span style=\"font-weight: 400;\"> (Euroazul).<\/span><\/p>\n<p><span style=\"font-weight: 400;\">La formaci\u00f3n presencial pretende formar a los beneficiarios en las materias m\u00ednimas necesarias para ser capaces de solicitar y gestionar un proyecto de econom\u00eda azul financiado a trav\u00e9s de Fondos de la Uni\u00f3n Europea. Esta formaci\u00f3n tendr\u00e1 una duraci\u00f3n de 20 horas, y tendr\u00e1 lugar los d\u00edas 16, 17, 22 y 23 de noviembre en Las Palmas de Gran Canaria.\u00a0\u00a0<\/span><\/p>\n<p><span style=\"font-weight: 400;\">Por otro lado, el asesoramiento mixto individualizado tratar\u00e1 sobre la solicitud y gesti\u00f3n de Fondos Europeos, en la tem\u00e1tica que los\/as participantes elijan de las expuestas en la formaci\u00f3n presencial.\u00a0 Esta acci\u00f3n tendr\u00e1 una duraci\u00f3n de 50 horas (10 presenciales y 40 online). Con esto, se pretende poner en pr\u00e1ctica lo aprendido llevando a cabo acciones concretas.<\/span><\/p>\n<p><span style=\"font-weight: 400;\">El inter\u00e9s de esta formaci\u00f3n es que una vez finalizada, los\/as participantes sean capaces de preparar y presentar una propuesta a una convocatoria financiada con fondos europeos y se haya desarrollado un plan para su consiguiente ejecuci\u00f3n y justificaci\u00f3n.<\/span><\/p>\n<p><span style=\"font-weight: 400;\">Para la inscripci\u00f3n, los \u00fanicos requisitos son que los participantes sean <\/span><b>residentes<\/b><span style=\"font-weight: 400;\"> en Canarias, <\/span><b>desempleados\/as<\/b><span style=\"font-weight: 400;\">, y dados de alta como demandantes de empleo, teniendo el <\/span><b>DARDE<\/b><span style=\"font-weight: 400;\"> en vigor a la hora de inscribirse.\u00a0<\/span><\/p>\n<p><span style=\"font-weight: 400;\">Si est\u00e1s interesado\/a, no dudes en inscribirte.. \u00a1Es gratis!<\/span><\/p>\n\n\n\n<p>Reserva tu plaza <a href=\"https:\/\/docs.google.com\/forms\/d\/e\/1FAIpQLSdUehCjdPvUpIlq_tCdBT24zIuVW1Z4zvYLgNMhkmbVzIAKRw\/viewform?usp=sf_link\" target=\"_blank\" rel=\"noopener\">aqu\u00ed<\/a><\/p>\n\n\n\n<p><\/p>\n\n\n\n<p><\/p>\n\n\n\n<p><\/p>\n<\/div><\/div>\n\n\n<p><!-- \/wp:group --><\/p>","protected":false},"excerpt":{"rendered":"<p>Consulta Europa organizar\u00e1 un curso gratuito destinado a personas desempleadas residentes en Canarias el pr\u00f3ximo mes de noviembre. Se trata del proyecto Eurofin\u00e1nciate en Azul (EFNA), financiado por la Fundaci\u00f3n Biodiversidad del Ministerio para la Transici\u00f3n Ecol\u00f3gica y el Reto Demogr\u00e1fico a trav\u00e9s del Programa Empleaverde, iniciativa para el impulso y la mejora del empleo, [&hellip;]<\/p>\n","protected":false},"author":2,"featured_media":22813,"comment_status":"closed","ping_status":"closed","sticky":false,"template":"","format":"standard","meta":{"inline_featured_image":false,"_FSMCFIC_featured_image_caption":"","_FSMCFIC_featured_image_nocaption":"","_FSMCFIC_featured_image_hide":""},"categories":[67,63],"tags":[],"acf":[],"_links":{"self":[{"href":"https:\/\/consulta-europa.com\/es\/wp-json\/wp\/v2\/posts\/22812"}],"collection":[{"href":"https:\/\/consulta-europa.com\/es\/wp-json\/wp\/v2\/posts"}],"about":[{"href":"https:\/\/consulta-europa.com\/es\/wp-json\/wp\/v2\/types\/post"}],"author":[{"embeddable":true,"href":"https:\/\/consulta-europa.com\/es\/wp-json\/wp\/v2\/users\/2"}],"replies":[{"embeddable":true,"href":"https:\/\/consulta-europa.com\/es\/wp-json\/wp\/v2\/comments?post=22812"}],"version-history":[{"count":7,"href":"https:\/\/consulta-europa.com\/es\/wp-json\/wp\/v2\/posts\/22812\/revisions"}],"predecessor-version":[{"id":22827,"href":"https:\/\/consulta-europa.com\/es\/wp-json\/wp\/v2\/posts\/22812\/revisions\/22827"}],"wp:featuredmedia":[{"embeddable":true,"href":"https:\/\/consulta-europa.com\/es\/wp-json\/wp\/v2\/media\/22813"}],"wp:attachment":[{"href":"https:\/\/consulta-europa.com\/es\/wp-json\/wp\/v2\/media?parent=22812"}],"wp:term":[{"taxonomy":"category","embeddable":true,"href":"https:\/\/consulta-europa.com\/es\/wp-json\/wp\/v2\/categories?post=22812"},{"taxonomy":"post_tag","embeddable":true,"href":"https:\/\/consulta-europa.com\/es\/wp-json\/wp\/v2\/tags?post=22812"}],"curies":[{"name":"wp","href":"https:\/\/api.w.org\/{rel}","templated":true}]}}