{"id":22496,"date":"2022-06-27T08:24:29","date_gmt":"2022-06-27T08:24:29","guid":{"rendered":"https:\/\/consulta-europa.com\/?p=22496"},"modified":"2022-06-27T08:58:53","modified_gmt":"2022-06-27T08:58:53","slug":"el-camino-hacia-un-progreso-igualitario-en-la-carrera-cientifica","status":"publish","type":"post","link":"https:\/\/consulta-europa.com\/es\/el-camino-hacia-un-progreso-igualitario-en-la-carrera-cientifica\/","title":{"rendered":"El camino hacia un progreso igualitario en la carrera cient\u00edfica"},"content":{"rendered":"\n<p>Este martes 21 de junio de 2022 ha tenido lugar el acto \u201cII Edici\u00f3n Mujeres y Liderazgo en la AGE: Mujeres l\u00edderes\u201d. Este evento ha sido organizado por la Federaci\u00f3n de Asociaciones de los Cuerpos Superiores de la Administraci\u00f3n Civil del Estado (FEDECA) en colaboraci\u00f3n con la Unidad de Mujeres y Ciencia del Ministerio de Ciencia e Innovaci\u00f3n.<\/p>\n\n\n\n<p>El objetivo de esta edici\u00f3n es servir como un espacio de encuentro en el que las mujeres en puestos de responsabilidad en el sector p\u00fablico sirvan de inspiraci\u00f3n para las profesionales de los cuerpos superiores de la Administraci\u00f3n General del Estado. Adem\u00e1s, se enmarca en la iniciativa \u2018Alianza STEAM\u2019, del Ministerio de Ciencia e Innovaci\u00f3n, que pretende fomentar las vocaciones STEAM (Ciencia, Tecnolog\u00eda, Ingenier\u00eda y Matem\u00e1ticas en conexi\u00f3n con las Artes y Humanidades) en ni\u00f1as y j\u00f3venes.<\/p>\n\n\n\n<p>Entre los\/as participantes del evento, destac\u00f3 la presencia de la ministra de Ciencia e Innovaci\u00f3n, Diana Morant, quien particip\u00f3 activamente en el acto trasladando el firme compromiso del Gobierno con la igualdad de g\u00e9nero en el sistema de ciencia, tecnolog\u00eda e innovaci\u00f3n en Espa\u00f1a.<\/p>\n\n\n\n<p>Durante su intervenci\u00f3n, habl\u00f3 de las medidas incluidas en la reforma de la Ley de la Ciencia, la Tecnolog\u00eda y la Innovaci\u00f3n, que se encuentra actualmente en tr\u00e1mite parlamentario. Esta reforma ofrecer\u00e1 por primera vez seguridad jur\u00eddica a la igualdad de g\u00e9nero en el sistema de I+D+i, asegurando un abordaje dual donde la perspectiva de g\u00e9nero est\u00e9 presente en todos los \u00e1mbitos que se abarquen.<\/p>\n\n\n\n<p>Para garantizar el progreso igualitario en la carrera cient\u00edfica, los organismos p\u00fablicos deber\u00e1n realizar y evaluar anualmente un plan de igualdad de g\u00e9nero, adem\u00e1s de contar con protocolos frente al acoso sexual y por raz\u00f3n de g\u00e9nero u orientaci\u00f3n sexual, y tomar medidas para eliminar los sesgos de g\u00e9nero en los procesos de selecci\u00f3n y evaluaci\u00f3n.<\/p>\n\n\n\n<p><strong><span style=\"text-decoration: underline;\">Premios Nacionales de Iniciaci\u00f3n a la Investigaci\u00f3n Tecnol\u00f3gica 2022<\/span><\/strong><\/p>\n\n\n\n<div class=\"wp-block-image\"><figure class=\"alignleft size-full is-resized\"><img src=\"https:\/\/consulta-europa.com\/wp-content\/uploads\/5607_2021_1_25_33_45_189.png\" alt=\"\" class=\"wp-image-22507\" width=\"400\" srcset=\"https:\/\/consulta-europa.com\/wp-content\/uploads\/5607_2021_1_25_33_45_189.png 657w, https:\/\/consulta-europa.com\/wp-content\/uploads\/5607_2021_1_25_33_45_189-300x178.png 300w\" sizes=\"(max-width: 657px) 100vw, 657px\" \/><figcaption>\u00a07\u00aa edici\u00f3n del Premio Nacional de Iniciaci\u00f3n a la Investigaci\u00f3n Tecnol\u00f3gica \u201cConvocatoria 2022\u201d.<\/figcaption><\/figure><\/div>\n\n\n\n<p>Por otro lado, la ministra tambi\u00e9n ha presidido la entrega de los Premios Nacionales de Iniciaci\u00f3n a la Investigaci\u00f3n Tecnol\u00f3gica 2022 de la Uni\u00f3n de Asociaciones de Ingenieros T\u00e9cnicos Industriales y Graduados en Ingenier\u00eda de la rama industrial de Espa\u00f1a (UAITIE).<\/p>\n\n\n\n<p>Se trata de un concurso juvenil desarrollado a nivel nacional que busca fomentar las vocaciones cient\u00edficas y tecnol\u00f3gicas desde edades tempranas, as\u00ed como estimular el inter\u00e9s de la sociedad en la ingenier\u00eda.<\/p>\n\n\n\n<p>Estos galardones reconocen a proyectos en las categor\u00edas de dise\u00f1o industrial, energ\u00edas renovables, rob\u00f3tica, atenci\u00f3n a la discapacidad, gesti\u00f3n de residuos, urbanismo inteligente e inteligencia artificial. Todos estos proyectos ponen a las personas en el centro, contribuyendo as\u00ed a la resoluci\u00f3n de los problemas de los m\u00e1s vulnerables a trav\u00e9s de la ciencia y la innovaci\u00f3n.<\/p>\n","protected":false},"excerpt":{"rendered":"<p>Este martes 21 de junio de 2022 ha tenido lugar el acto \u201cII Edici\u00f3n Mujeres y Liderazgo en la AGE: Mujeres l\u00edderes\u201d. Este evento ha sido organizado por la Federaci\u00f3n de Asociaciones de los Cuerpos Superiores de la Administraci\u00f3n Civil del Estado (FEDECA) en colaboraci\u00f3n con la Unidad de Mujeres y Ciencia del Ministerio de [&hellip;]<\/p>\n","protected":false},"author":2,"featured_media":22502,"comment_status":"closed","ping_status":"closed","sticky":false,"template":"","format":"standard","meta":{"inline_featured_image":false,"_FSMCFIC_featured_image_caption":"","_FSMCFIC_featured_image_nocaption":"","_FSMCFIC_featured_image_hide":""},"categories":[67,63],"tags":[],"acf":[],"_links":{"self":[{"href":"https:\/\/consulta-europa.com\/es\/wp-json\/wp\/v2\/posts\/22496"}],"collection":[{"href":"https:\/\/consulta-europa.com\/es\/wp-json\/wp\/v2\/posts"}],"about":[{"href":"https:\/\/consulta-europa.com\/es\/wp-json\/wp\/v2\/types\/post"}],"author":[{"embeddable":true,"href":"https:\/\/consulta-europa.com\/es\/wp-json\/wp\/v2\/users\/2"}],"replies":[{"embeddable":true,"href":"https:\/\/consulta-europa.com\/es\/wp-json\/wp\/v2\/comments?post=22496"}],"version-history":[{"count":6,"href":"https:\/\/consulta-europa.com\/es\/wp-json\/wp\/v2\/posts\/22496\/revisions"}],"predecessor-version":[{"id":22527,"href":"https:\/\/consulta-europa.com\/es\/wp-json\/wp\/v2\/posts\/22496\/revisions\/22527"}],"wp:featuredmedia":[{"embeddable":true,"href":"https:\/\/consulta-europa.com\/es\/wp-json\/wp\/v2\/media\/22502"}],"wp:attachment":[{"href":"https:\/\/consulta-europa.com\/es\/wp-json\/wp\/v2\/media?parent=22496"}],"wp:term":[{"taxonomy":"category","embeddable":true,"href":"https:\/\/consulta-europa.com\/es\/wp-json\/wp\/v2\/categories?post=22496"},{"taxonomy":"post_tag","embeddable":true,"href":"https:\/\/consulta-europa.com\/es\/wp-json\/wp\/v2\/tags?post=22496"}],"curies":[{"name":"wp","href":"https:\/\/api.w.org\/{rel}","templated":true}]}}