{"id":21031,"date":"2022-01-27T14:44:32","date_gmt":"2022-01-27T14:44:32","guid":{"rendered":"https:\/\/consulta-europa.com\/?p=21031"},"modified":"2022-01-27T14:46:04","modified_gmt":"2022-01-27T14:46:04","slug":"consulta-europa-imparte-un-curso-gratuito-de-economia-azul","status":"publish","type":"post","link":"https:\/\/consulta-europa.com\/es\/consulta-europa-imparte-un-curso-gratuito-de-economia-azul\/","title":{"rendered":"Consulta Europa imparte un curso gratuito de econom\u00eda azul"},"content":{"rendered":"\n<p>Consulta Europa se encuentra impartiendo un curso <strong>gratuito<\/strong> sobre Econom\u00eda Azul para trabajadores.<\/p>\n\n\n\n<p>Las dos primeras sesiones fueron impartidas por Elba Bueno y M\u00f3nica Quesada del Cluster Mar\u00edtimo de Canarias y por Noelia Peric\u00f3n, experta en ODS. Las siguientes se impartir\u00e1n los d\u00edas 3 y 4 de febrero de manera <strong>presencial.<\/strong><\/p>\n\n\n\n<p> Si est\u00e1s interesado, todav\u00eda puedes unirte a las dos \u00faltimas sesiones. <\/p>\n\n\n\n<p>Se abordar\u00e1n temas como: <\/p>\n\n\n\n<ul><li>Oportunidades de negocios y alianzas estrat\u00e9gicas<\/li><\/ul>\n\n\n\n<ul><li>Proyectos europeos<\/li><\/ul>\n\n\n\n<ul><li>Certificaci\u00f3n ambiental<\/li><\/ul>\n\n\n\n<p><\/p>\n\n\n\n<p>Reserva tu plaza: <a rel=\"noreferrer noopener\" href=\"https:\/\/bit.ly\/3nkelst\" target=\"_blank\">https:\/\/bit.ly\/3nkelst<\/a><\/p>\n\n\n\n<p><\/p>\n\n\n\n<p><\/p>\n\n\n\n<p>Consulta Europa se encuentra impartiendo un curso <strong>gratuito<\/strong> sobre Econom\u00eda Azul para trabajadores.<\/p>\n\n\n\n<p>Las dos primeras sesiones fueron impartidas por Elba Bueno y M\u00f3nica Quesada del Cluster Mar\u00edtimo de Canarias y por Noelia Peric\u00f3n, experta en ODS. Las siguientes se impartir\u00e1n los d\u00edas 3 y 4 de febrero de manera <strong>presencial.<\/strong><\/p>\n\n\n\n<p> Si est\u00e1s interesado, todav\u00eda puedes unirte a las dos \u00faltimas sesiones. <\/p>\n\n\n\n<p>Se abordar\u00e1n temas como: <\/p>\n\n\n\n<ul><li>Oportunidades de negocios y alianzas estrat\u00e9gicas<\/li><\/ul>\n\n\n\n<ul><li>Proyectos europeos<\/li><\/ul>\n\n\n\n<ul><li>Certificaci\u00f3n ambiental<\/li><\/ul>\n\n\n\n<p><\/p>\n\n\n\n<p>Reserva tu plaza: <a rel=\"noreferrer noopener\" href=\"https:\/\/bit.ly\/3nkelst\" target=\"_blank\">https:\/\/bit.ly\/3nkelst<\/a><\/p>\n\n\n\n<p><\/p>\n\n\n\n<p><\/p>\n\n\n\n<div class=\"wp-block-buttons\">\n<div class=\"wp-block-button is-style-outline\"><a class=\"wp-block-button__link has-pale-cyan-blue-color has-text-color\" href=\"https:\/\/consulta-europa.com\/wp-content\/uploads\/Programa_Economia-Azul.pdf\" target=\"_blank\" rel=\"noreferrer noopener\">Programa del curso<\/a><\/div>\n<\/div>\n","protected":false},"excerpt":{"rendered":"<p>Consulta Europa se encuentra impartiendo un curso gratuito sobre Econom\u00eda Azul para trabajadores. Las dos primeras sesiones fueron impartidas por Elba Bueno y M\u00f3nica Quesada del Cluster Mar\u00edtimo de Canarias y por Noelia Peric\u00f3n, experta en ODS. Las siguientes se impartir\u00e1n los d\u00edas 3 y 4 de febrero de manera presencial. Si est\u00e1s interesado, todav\u00eda [&hellip;]<\/p>\n","protected":false},"author":2,"featured_media":21011,"comment_status":"closed","ping_status":"closed","sticky":false,"template":"","format":"standard","meta":{"inline_featured_image":false,"_FSMCFIC_featured_image_caption":"","_FSMCFIC_featured_image_nocaption":"","_FSMCFIC_featured_image_hide":""},"categories":[67,63,77],"tags":[],"acf":[],"_links":{"self":[{"href":"https:\/\/consulta-europa.com\/es\/wp-json\/wp\/v2\/posts\/21031"}],"collection":[{"href":"https:\/\/consulta-europa.com\/es\/wp-json\/wp\/v2\/posts"}],"about":[{"href":"https:\/\/consulta-europa.com\/es\/wp-json\/wp\/v2\/types\/post"}],"author":[{"embeddable":true,"href":"https:\/\/consulta-europa.com\/es\/wp-json\/wp\/v2\/users\/2"}],"replies":[{"embeddable":true,"href":"https:\/\/consulta-europa.com\/es\/wp-json\/wp\/v2\/comments?post=21031"}],"version-history":[{"count":2,"href":"https:\/\/consulta-europa.com\/es\/wp-json\/wp\/v2\/posts\/21031\/revisions"}],"predecessor-version":[{"id":21033,"href":"https:\/\/consulta-europa.com\/es\/wp-json\/wp\/v2\/posts\/21031\/revisions\/21033"}],"wp:featuredmedia":[{"embeddable":true,"href":"https:\/\/consulta-europa.com\/es\/wp-json\/wp\/v2\/media\/21011"}],"wp:attachment":[{"href":"https:\/\/consulta-europa.com\/es\/wp-json\/wp\/v2\/media?parent=21031"}],"wp:term":[{"taxonomy":"category","embeddable":true,"href":"https:\/\/consulta-europa.com\/es\/wp-json\/wp\/v2\/categories?post=21031"},{"taxonomy":"post_tag","embeddable":true,"href":"https:\/\/consulta-europa.com\/es\/wp-json\/wp\/v2\/tags?post=21031"}],"curies":[{"name":"wp","href":"https:\/\/api.w.org\/{rel}","templated":true}]}}