{"id":20419,"date":"2021-10-27T11:45:05","date_gmt":"2021-10-27T11:45:05","guid":{"rendered":"https:\/\/consulta-europa.com\/sustainable-tourism-innovation-seminar\/"},"modified":"2021-12-18T19:02:51","modified_gmt":"2021-12-18T19:02:51","slug":"sustainable-tourism-innovation-seminar","status":"publish","type":"post","link":"https:\/\/consulta-europa.com\/es\/sustainable-tourism-innovation-seminar\/","title":{"rendered":"WestMED Webinar &#8220;Sustainable Tourism Innovation&#8221;"},"content":{"rendered":"\n<p>La <a rel=\"noreferrer noopener\" href=\"https:\/\/www.westmed-initiative.eu\/\" data-type=\"URL\" data-id=\"https:\/\/www.westmed-initiative.eu\/\" target=\"_blank\">iniciativa WestMED<\/a> organiza el 3 de noviembre de 2021 un seminario web titulado <a rel=\"noreferrer noopener\" href=\"https:\/\/www.westmed-initiative.eu\/events\/sustainable-tourism-innovation-3-november-2021-online\/\" data-type=\"URL\" data-id=\"https:\/\/www.westmed-initiative.eu\/events\/sustainable-tourism-innovation-3-november-2021-online\/\" target=\"_blank\">&#8220;Innovaci\u00f3n tur\u00edstica sostenible&#8221;<\/a>, con especial atenci\u00f3n a la <a rel=\"noreferrer noopener\" href=\"https:\/\/ec.europa.eu\/info\/funding-tenders\/opportunities\/portal\/screen\/opportunities\/topic-details\/emfaf-2021-pia-flagship-westmed;callCode=EMFAF-2021-PIA-FLAGSHIP;freeTextSearchKeyword=;matchWholeText=true;typeCodes=1;statusCodes=31094501,31094502,31094503;programmePeriod=null;programCcm2Id=null;programDivisionCode=null;focusAreaCode=null;destination=null;mission=null;geographicalZonesCode=null;programmeDivisionProspect=null;startDateLte=null;startDateGte=null;crossCuttingPriorityCode=null;cpvCode=null;performanceOfDelivery=null;sortQuery=sortStatus;orderBy=asc;onlyTenders=false;topicListKey=callTopicSearchTableState\" data-type=\"URL\" data-id=\"https:\/\/ec.europa.eu\/info\/funding-tenders\/opportunities\/portal\/screen\/opportunities\/topic-details\/emfaf-2021-pia-flagship-westmed;callCode=EMFAF-2021-PIA-FLAGSHIP;freeTextSearchKeyword=;matchWholeText=true;typeCodes=1;statusCodes=31094501,31094502,31094503;programmePeriod=null;programCcm2Id=null;programDivisionCode=null;focusAreaCode=null;destination=null;mission=null;geographicalZonesCode=null;programmeDivisionProspect=null;startDateLte=null;startDateGte=null;crossCuttingPriorityCode=null;cpvCode=null;performanceOfDelivery=null;sortQuery=sortStatus;orderBy=asc;onlyTenders=false;topicListKey=callTopicSearchTableState\" target=\"_blank\">convocatoria de proyectos<\/a> que promueven una econom\u00eda azul sostenible a trav\u00e9s de la cooperaci\u00f3n mar\u00edtima regional en el Mediterr\u00e1neo Occidental que ha sido publicada recientemente por el <a rel=\"noreferrer noopener\" href=\"https:\/\/www.google.com\/url?sa=t&amp;rct=j&amp;q=&amp;esrc=s&amp;source=web&amp;cd=&amp;ved=2ahUKEwic_tW_vaHzAhWzhv0HHWBMBjcQFnoECAoQAQ&amp;url=https%3A%2F%2Fec.europa.eu%2Foceans-and-fisheries%2Ffunding%2Femfaf_en&amp;usg=AOvVaw1IemQENm0GJyG3WRbbj_Y0\" data-type=\"URL\" data-id=\"https:\/\/www.google.com\/url?sa=t&amp;rct=j&amp;q=&amp;esrc=s&amp;source=web&amp;cd=&amp;ved=2ahUKEwic_tW_vaHzAhWzhv0HHWBMBjcQFnoECAoQAQ&amp;url=https%3A%2F%2Fec.europa.eu%2Foceans-and-fisheries%2Ffunding%2Femfaf_en&amp;usg=AOvVaw1IemQENm0GJyG3WRbbj_Y0\" target=\"_blank\">Fondo Europeo de Pesca y Acuicultura Mar\u00edtima (FEMP)<\/a>.<\/p>\n\n\n\n<figure class=\"wp-block-image size-large\"><img loading=\"lazy\" width=\"1024\" height=\"430\" src=\"https:\/\/consulta-europa.com\/wp-content\/uploads\/poster.sust_.tourism-1-1024x430.png\" alt=\"\" class=\"wp-image-20265\" srcset=\"https:\/\/consulta-europa.com\/wp-content\/uploads\/poster.sust_.tourism-1-1024x430.png 1024w, https:\/\/consulta-europa.com\/wp-content\/uploads\/poster.sust_.tourism-1-300x126.png 300w, https:\/\/consulta-europa.com\/wp-content\/uploads\/poster.sust_.tourism-1-768x323.png 768w, https:\/\/consulta-europa.com\/wp-content\/uploads\/poster.sust_.tourism-1-100x42.png 100w, https:\/\/consulta-europa.com\/wp-content\/uploads\/poster.sust_.tourism-1.png 1500w\" sizes=\"(max-width: 1024px) 100vw, 1024px\" \/><\/figure>\n\n\n\n<p>Se ha publicado una convocatoria dedicada a las partes interesadas del Mediterr\u00e1neo occidental (ribera norte y sur) en el marco del EMFAF (Fondo Europeo Mar\u00edtimo, de la Pesca y de la Acuicultura). Este fondo se ocupa del turismo costero y mar\u00edtimo verde y sostenible.<\/p>\n\n\n\n<p>En este seminario web se debatir\u00e1 el estado del arte del turismo verde y sostenible en la regi\u00f3n, centr\u00e1ndose en sus retos y destacando las oportunidades de innovaci\u00f3n.<\/p>\n\n\n\n<div class=\"wp-block-buttons is-content-justification-center\">\n<div class=\"wp-block-button\"><a class=\"wp-block-button__link has-white-color has-text-color has-background\" href=\"https:\/\/ec.europa.eu\/eusurvey\/runner\/WestMEDSustainableTourismWebinar03112021\" style=\"background-color:#024b76\">Reg\u00edstrese aqu\u00ed<\/a><\/div>\n<\/div>\n\n\n\n<p class=\"has-text-align-center\"><br><strong><strong>Los principales temas de este taller son<\/strong><\/strong><\/p>\n\n\n\n<ol class=\"has-white-color has-text-color has-background\" style=\"background-color:#02507d\"><li><strong>\u00bfDos caras de la misma moneda? &#8211; Destinos tur\u00edsticos sostenibles: ampliaci\u00f3n del turismo verde sostenible frente a la reconversi\u00f3n del turismo de masas.<\/strong><\/li><li><strong>Manual de la UpM y la CRPM. M\u00e9todos y herramientas compartidas para relanzar una estrategia de turismo sostenible.<\/strong><\/li><li><strong>Convocatoria del Fondo Europeo del Mar, la Pesca y la Acuicultura. Turismo sostenible en el Mediterr\u00e1neo Occidental .<\/strong><\/li><li><strong>PAPEL DE LA INNOVACI\u00d3N &#8211; Debates tem\u00e1ticos: &#8220;\u00bfQu\u00e9 podemos hacer para &#8230;&#8221;<br><em>\u2026Diversificar los productos tur\u00edsticos:<\/em><\/strong><br><em>\u2013 Fomentar la circularidad en el turismo hacia la adopci\u00f3n de productos menos invasivos y m\u00e1s sostenibles.<\/em><br><em>\u2013 Fomentar la circularidad en el turismo hacia la adopci\u00f3n de productos menos invasivos y m\u00e1s sostenibles.<\/em><br><em><strong>&#8230; Acelerar la innovaci\u00f3n y la adquisici\u00f3n de competencias<br><\/strong>\u2013 Apoyar la aceleraci\u00f3n de la innovaci\u00f3n para las empresas locales y otros agentes socioecon\u00f3micos del sector (operadores tur\u00edsticos, proveedores de servicios, etc.), hacia la redefinici\u00f3n de modelos de negocio, productos y servicios plenamente sostenibles (ambientalmente seguros y rentables).<br>\u2013 Mejorar\/crear capacidades\/diversificar las competencias, especialmente las digitales, con el fin de reforzar y diversificar las formas de visitar los territorios y permitir a las personas viajar de forma diferente.<\/em><\/li><\/ol>\n\n\n\n<p>Al compartir las acciones pol\u00edticas m\u00e1s recientes y una serie de pr\u00e1cticas de excelencia en todo el Mediterr\u00e1neo occidental, este seminario web pretende contribuir a este proceso de innovaci\u00f3n en todo el Mediterr\u00e1neo, hacia un sector tur\u00edstico plenamente sostenible.<\/p>\n\n\n\n<p>Puede encontrar un programa m\u00e1s detallado del evento <a href=\"https:\/\/www.westmed-initiative.eu\/events\/sustainable-tourism-innovation-3-november-2021-online\/\">aqu\u00ed<\/a>.<\/p>\n\n\n\n<p>Para m\u00e1s informaci\u00f3n, consulte <a href=\"mailto:communications@westmed-initiative.eu\">communications@westmed-initiative.eu<\/a>.<\/p>\n","protected":false},"excerpt":{"rendered":"<p>La iniciativa WestMED organiza el 3 de noviembre de 2021 un seminario web titulado &#8220;Innovaci\u00f3n tur\u00edstica sostenible&#8221;, con especial atenci\u00f3n a la convocatoria de proyectos que promueven una econom\u00eda azul sostenible a trav\u00e9s de la cooperaci\u00f3n mar\u00edtima regional en el Mediterr\u00e1neo Occidental que ha sido publicada recientemente por el Fondo Europeo de Pesca y Acuicultura [&hellip;]<\/p>\n","protected":false},"author":2,"featured_media":20264,"comment_status":"closed","ping_status":"closed","sticky":false,"template":"","format":"standard","meta":{"inline_featured_image":false,"_FSMCFIC_featured_image_caption":"","_FSMCFIC_featured_image_nocaption":"","_FSMCFIC_featured_image_hide":""},"categories":[67,63],"tags":[],"acf":[],"_links":{"self":[{"href":"https:\/\/consulta-europa.com\/es\/wp-json\/wp\/v2\/posts\/20419"}],"collection":[{"href":"https:\/\/consulta-europa.com\/es\/wp-json\/wp\/v2\/posts"}],"about":[{"href":"https:\/\/consulta-europa.com\/es\/wp-json\/wp\/v2\/types\/post"}],"author":[{"embeddable":true,"href":"https:\/\/consulta-europa.com\/es\/wp-json\/wp\/v2\/users\/2"}],"replies":[{"embeddable":true,"href":"https:\/\/consulta-europa.com\/es\/wp-json\/wp\/v2\/comments?post=20419"}],"version-history":[{"count":1,"href":"https:\/\/consulta-europa.com\/es\/wp-json\/wp\/v2\/posts\/20419\/revisions"}],"predecessor-version":[{"id":20421,"href":"https:\/\/consulta-europa.com\/es\/wp-json\/wp\/v2\/posts\/20419\/revisions\/20421"}],"wp:featuredmedia":[{"embeddable":true,"href":"https:\/\/consulta-europa.com\/es\/wp-json\/wp\/v2\/media\/20264"}],"wp:attachment":[{"href":"https:\/\/consulta-europa.com\/es\/wp-json\/wp\/v2\/media?parent=20419"}],"wp:term":[{"taxonomy":"category","embeddable":true,"href":"https:\/\/consulta-europa.com\/es\/wp-json\/wp\/v2\/categories?post=20419"},{"taxonomy":"post_tag","embeddable":true,"href":"https:\/\/consulta-europa.com\/es\/wp-json\/wp\/v2\/tags?post=20419"}],"curies":[{"name":"wp","href":"https:\/\/api.w.org\/{rel}","templated":true}]}}